{"id":9804,"date":"2018-07-13T08:14:18","date_gmt":"2018-07-13T06:14:18","guid":{"rendered":"http:\/\/www.highjump.cz\/?p=9804\/"},"modified":"2018-07-12T18:19:38","modified_gmt":"2018-07-12T16:19:38","slug":"tomas-krist-rozhovor","status":"publish","type":"post","link":"https:\/\/www.highjump.cz\/cs\/rozhovor\/2018\/tomas-krist-rozhovor\/","title":{"rendered":"Tom\u00e1\u0161 Krist &#8211; Rozhovor"},"content":{"rendered":"<p><strong><u>&#8222;Byla to vlastn\u011b n\u00e1hoda,&#8220; \u0159\u00edk\u00e1 o v\u00edt\u011bzn\u00e9 fotce laure\u00e1t Czech Press Photo Tom\u00e1\u0161 Krist<\/u><\/strong><\/p>\n<p><strong>Fotil Baracka Obamu, slo\u017eitou operaci mozku, stovky report\u00e1\u017e\u00ed i sportovn\u00edch akc\u00ed. Tom\u00e1\u0161 Krist se v r\u00e1mci lo\u0148sk\u00e9ho ro\u010dn\u00edku presti\u017en\u00ed sout\u011b\u017ee Czech Press Photo do\u010dkal toho nejv\u011bt\u0161\u00edho ocen\u011bn\u00ed. V kategorii sport byla jeho fotografie cliffdivera vyhl\u00e1\u0161ena jako nejlep\u0161\u00ed ze v\u0161ech. Jak fotka vznikala? Jak\u00fd m\u00e1 Tom\u00e1\u0161 Krist vztah ke skok\u016fm do vody a pro\u010d na Desperados Highjump letos vezme i svou dceru? I to se dozv\u00edte v n\u00e1sleduj\u00edc\u00edm videu. <\/strong><\/p>\n<p>Tom\u00e1\u0161 Krist se fotografov\u00e1n\u00ed v\u011bnuje prakticky od d\u011btstv\u00ed. Svou profesion\u00e1ln\u00ed kari\u00e9ru zapo\u010dal ji\u017e v devades\u00e1t\u00fdch letech, kdy pracoval pro \u010ceskou tiskovou kancel\u00e1\u0159. Od roku 1999 za\u010dal dod\u00e1vat sv\u00e9 sn\u00edmky pro Lidov\u00e9 noviny a dnes jeho obr\u00e1zky najdeme p\u0159edev\u0161\u00edm v Mlad\u00e9 Front\u011b Dnes. M\u00e1 za sebou velmi \u00fasp\u011b\u0161nou kari\u00e9ru, b\u011bhem kter\u00e9 posb\u00edral n\u011bkolik presti\u017en\u00edch ocen\u011bn\u00ed. Jedno z t\u011bch nejzaj\u00edmav\u011bj\u0161\u00edch je pr\u00e1v\u011b v\u00edt\u011bzn\u00e1 fotografie ceny Czech Press Photo, kter\u00e1 je vyhla\u0161ov\u00e1na jednou ro\u010dn\u011b a vztahuje se v\u00fdhradn\u011b na fotografie, kter\u00e9 se objev\u00ed v medi\u00edch.<\/p>\n<blockquote><p><em>&#8222;Jel jsem do H\u0159im\u011b\u017edic na Desperados Highjump fotit ji\u017e po n\u011bkolik\u00e1t\u00e9, m\u011bl jsem na ten v\u00edkend slu\u017ebu. Byl jsem tedy vysl\u00e1n a\u0165 jedu fotit,&#8220;<\/em> \u0159\u00edk\u00e1 Krist o focen\u00ed na osmn\u00e1ct\u00e9m ro\u010dn\u00edku cliffdivingov\u00fdch z\u00e1vod\u016f. &#8222;<em>Ta fotka vznikla defakto n\u00e1hodou. P\u0159i jednom z exhibi\u010dn\u00edch skok\u016f, se mi poda\u0159ilo zachytit skokana p\u0159esn\u011b p\u0159i jeho dopadu,&#8220; <\/em>pokra\u010duje fotograf p\u0159i popisov\u00e1n\u00ed pozd\u011bji vyhl\u00e1\u0161en\u00e9 fotky<em>. &#8222;Samoz\u0159ejm\u011b m\u00e1m radost, \u017ee fotka je tak \u00fasp\u011b\u0161n\u00e1,&#8220;<\/em> \u0159\u00edk\u00e1 Krist s \u00fasm\u011bvem. Ihned po po\u0159\u00edzen\u00ed fotografie se Tom\u00e1\u0161ovi poda\u0159ilo najit\u00a0 \u0161v\u00fdcarsk\u00e9ho skokana Jana Wermelingera, kter\u00e9mu jeho dopad na vodn\u00ed hladinu ukazoval. &#8222;<em>St\u00e1l kousek vedle m\u011b, a tak jsme se dali do \u0159e\u010di,&#8220;<\/em> dopl\u0148uje Tom\u00e1\u0161. <em>&#8222;Letos bych cht\u011bl na Highjump vyrazit znovu, cht\u011bl bych vz\u00edt i svoji dceru, kter\u00e1 se sk\u00e1k\u00e1n\u00ed do vody v\u011bnuje tak\u00e9, aby si t\u0159eba zkusila sko\u010dit ze sk\u00e1ly.&#8220;<\/em><\/p><\/blockquote>\n<div class=\"tiled-gallery type-rectangular tiled-gallery-unresized\" data-original-width=\"850\" data-carousel-extra='{&quot;blog_id&quot;:1,&quot;permalink&quot;:&quot;https:\\\/\\\/www.highjump.cz\\\/cs\\\/rozhovor\\\/2018\\\/tomas-krist-rozhovor\\\/&quot;,&quot;likes_blog_id&quot;:216591899}' itemscope itemtype=\"http:\/\/schema.org\/ImageGallery\" > <div class=\"gallery-row\" style=\"width: 850px; height: 584px;\" data-original-width=\"850\" data-original-height=\"584\" > <div class=\"gallery-group images-1\" style=\"width: 850px; height: 584px;\" data-original-width=\"850\" data-original-height=\"584\" > <div class=\"tiled-gallery-item tiled-gallery-item-large\" itemprop=\"associatedMedia\" itemscope itemtype=\"http:\/\/schema.org\/ImageObject\"> <a href=\"https:\/\/i0.wp.com\/www.highjump.cz\/wp-content\/uploads\/2017\/08\/Jan_Wermelinger.jpg?ssl=1\" border=\"0\" itemprop=\"url\"> <meta itemprop=\"width\" content=\"846\"> <meta itemprop=\"height\" content=\"580\"> <img decoding=\"async\" class=\"\" data-attachment-id=\"8824\" data-orig-file=\"https:\/\/www.highjump.cz\/wp-content\/uploads\/2017\/08\/Jan_Wermelinger.jpg\" data-orig-size=\"1292,886\" data-comments-opened=\"\" data-image-meta=\"{&quot;aperture&quot;:&quot;0&quot;,&quot;credit&quot;:&quot;&quot;,&quot;camera&quot;:&quot;&quot;,&quot;caption&quot;:&quot;&quot;,&quot;created_timestamp&quot;:&quot;0&quot;,&quot;copyright&quot;:&quot;&quot;,&quot;focal_length&quot;:&quot;0&quot;,&quot;iso&quot;:&quot;0&quot;,&quot;shutter_speed&quot;:&quot;0&quot;,&quot;title&quot;:&quot;&quot;,&quot;orientation&quot;:&quot;1&quot;}\" data-image-title=\"Jan_Wermelinger\" data-image-description=\"\" data-medium-file=\"https:\/\/www.highjump.cz\/wp-content\/uploads\/2017\/08\/Jan_Wermelinger-300x206.jpg\" data-large-file=\"https:\/\/www.highjump.cz\/wp-content\/uploads\/2017\/08\/Jan_Wermelinger-1024x702.jpg\" src=\"https:\/\/i0.wp.com\/www.highjump.cz\/wp-content\/uploads\/2017\/08\/Jan_Wermelinger.jpg?w=846&#038;h=580&#038;ssl=1\" srcset=\"https:\/\/www.highjump.cz\/wp-content\/uploads\/2017\/08\/Jan_Wermelinger.jpg 1292w, https:\/\/www.highjump.cz\/wp-content\/uploads\/2017\/08\/Jan_Wermelinger-300x206.jpg 300w, https:\/\/www.highjump.cz\/wp-content\/uploads\/2017\/08\/Jan_Wermelinger-768x527.jpg 768w, https:\/\/www.highjump.cz\/wp-content\/uploads\/2017\/08\/Jan_Wermelinger-1024x702.jpg 1024w, https:\/\/www.highjump.cz\/wp-content\/uploads\/2017\/08\/Jan_Wermelinger-1180x809.jpg 1180w\" width=\"846\" height=\"580\" loading=\"lazy\" data-original-width=\"846\" data-original-height=\"580\" itemprop=\"http:\/\/schema.org\/image\" title=\"Jan_Wermelinger\" alt=\"Jan_Wermelinger\" style=\"width: 846px; height: 580px;\" \/> <\/a> <\/div> <\/div> <!-- close group --> <\/div> <!-- close row --> <\/div>\n<p>Letos se otev\u0159en\u00e9 mistrovstv\u00ed \u010cesk\u00e9 republiky v cliffdivingu uskute\u010dn\u00ed v b\u00fdval\u00e9m \u017eulov\u00e9m lomu ji\u017e po devaten\u00e1ct\u00e9. V term\u00ednu od 3. do 4. srpna se z v\u00fd\u0161ky 12, 16 a 20 metr\u016f utkaj\u00ed op\u011bt p\u0159edn\u00ed sv\u011btov\u00ed skokan\u00e9 a skokanky. Krom\u011b skokansk\u00e9ho programu na n\u011bkolika hudebn\u00edch p\u00f3di\u00edch vystoup\u00ed hudebn\u00ed interpreti z tuzemska i zahrani\u010d\u00ed. Mezi nejv\u011bt\u0161\u00ed l\u00e1kadla hudebn\u00edho programu je nap\u0159\u00edklad britsko-n\u011bmeck\u00fd projekt Smash Hifi, s b\u00fdval\u00fdm \u010dlenem The Prodigy Leeroyem Thornhillem nebo tako rapov\u00fd projekt Kapit\u00e1n Demo, Prago Union \u010di skupina Fast Food Orchestra.<\/p>\n<p>\u25ba Subscribe: <a href=\"https:\/\/www.youtube.com\/channel\/UCVVKhQoA1MA2iYq6lVy6klA?sub_confirmation=1\" target=\"_blank\" rel=\"noopener noreferrer\">www.youtube.com<\/a><\/p>\n<p>\u00bb Instagram: <a class=\"yt-simple-endpoint style-scope yt-formatted-string\" spellcheck=\"false\" href=\"https:\/\/www.instagram.com\/HighjumpCZ\/\" target=\"_blank\" rel=\"noopener noreferrer\">instagram.com\/HighjumpCZ<\/a><\/p>\n<p>\u272a FB: <a href=\"https:\/\/www.facebook.com\/cliffdiving.eu\" target=\"_blank\" rel=\"noopener noreferrer\">www.facebook.com\/cliffdiving.eu<\/a><\/p>\n","protected":false},"excerpt":{"rendered":"<p>&#8222;Byla to vlastn\u011b n\u00e1hoda,&#8220; \u0159\u00edk\u00e1 o v\u00edt\u011bzn\u00e9 fotce laure\u00e1t Czech Press Photo Tom\u00e1\u0161 Krist Fotil Baracka Obamu, slo\u017eitou operaci mozku, stovky report\u00e1\u017e\u00ed i sportovn\u00edch akc\u00ed. Tom\u00e1\u0161 Krist se v r\u00e1mci lo\u0148sk\u00e9ho ro\u010dn\u00edku presti\u017en\u00ed sout\u011b\u017ee Czech Press Photo do\u010dkal toho nejv\u011bt\u0161\u00edho ocen\u011bn\u00ed. V kategorii sport byla jeho fotografie cliffdivera vyhl\u00e1\u0161ena jako nejlep\u0161\u00ed ze v\u0161ech. Jak fotka&#8230;<\/p>\n","protected":false},"author":2,"featured_media":8824,"comment_status":"closed","ping_status":"open","sticky":false,"template":"","format":"video","meta":{"_acf_changed":false,"_jetpack_memberships_contains_paid_content":false,"footnotes":""},"categories":[76,66,84],"tags":[48],"class_list":["post-9804","post","type-post","status-publish","format-video","has-post-thumbnail","hentry","category-novinky","category-rozhovor","category-video","tag-rozhovory","post_format-post-format-video","main-post"],"acf":[],"jetpack_featured_media_url":"https:\/\/www.highjump.cz\/wp-content\/uploads\/2017\/08\/Jan_Wermelinger.jpg","jetpack_sharing_enabled":true,"_links":{"self":[{"href":"https:\/\/www.highjump.cz\/cs\/wp-json\/wp\/v2\/posts\/9804","targetHints":{"allow":["GET"]}}],"collection":[{"href":"https:\/\/www.highjump.cz\/cs\/wp-json\/wp\/v2\/posts"}],"about":[{"href":"https:\/\/www.highjump.cz\/cs\/wp-json\/wp\/v2\/types\/post"}],"author":[{"embeddable":true,"href":"https:\/\/www.highjump.cz\/cs\/wp-json\/wp\/v2\/users\/2"}],"replies":[{"embeddable":true,"href":"https:\/\/www.highjump.cz\/cs\/wp-json\/wp\/v2\/comments?post=9804"}],"version-history":[{"count":1,"href":"https:\/\/www.highjump.cz\/cs\/wp-json\/wp\/v2\/posts\/9804\/revisions"}],"predecessor-version":[{"id":9805,"href":"https:\/\/www.highjump.cz\/cs\/wp-json\/wp\/v2\/posts\/9804\/revisions\/9805"}],"wp:featuredmedia":[{"embeddable":true,"href":"https:\/\/www.highjump.cz\/cs\/wp-json\/wp\/v2\/media\/8824"}],"wp:attachment":[{"href":"https:\/\/www.highjump.cz\/cs\/wp-json\/wp\/v2\/media?parent=9804"}],"wp:term":[{"taxonomy":"category","embeddable":true,"href":"https:\/\/www.highjump.cz\/cs\/wp-json\/wp\/v2\/categories?post=9804"},{"taxonomy":"post_tag","embeddable":true,"href":"https:\/\/www.highjump.cz\/cs\/wp-json\/wp\/v2\/tags?post=9804"}],"curies":[{"name":"wp","href":"https:\/\/api.w.org\/{rel}","templated":true}]}}